{"id":17088,"date":"2016-03-10T10:29:03","date_gmt":"2016-03-10T10:29:03","guid":{"rendered":"http:\/\/www.anfocal.ie\/?p=17088"},"modified":"2016-03-10T10:29:03","modified_gmt":"2016-03-10T10:29:03","slug":"culaith-an-lae","status":"publish","type":"post","link":"https:\/\/www.anfocal.ie\/index.php\/culaith-an-lae\/","title":{"rendered":"Culaith an lae"},"content":{"rendered":"<p><img fetchpriority=\"high\" decoding=\"async\" class=\"aligncenter size-full wp-image-17090\" alt=\"2\" src=\"http:\/\/www.anfocal.ie\/wp-content\/uploads\/2016\/03\/2.png\" width=\"425\" height=\"566\" srcset=\"https:\/\/www.anfocal.ie\/wp-content\/uploads\/2016\/03\/2.png 425w, https:\/\/www.anfocal.ie\/wp-content\/uploads\/2016\/03\/2-262x350.png 262w, https:\/\/www.anfocal.ie\/wp-content\/uploads\/2016\/03\/2-82x110.png 82w\" sizes=\"(max-width: 425px) 100vw, 425px\" \/><\/p>\n<p>&nbsp;<\/p>\n<p>Le Shauna N\u00ed Sh\u00e9<\/p>\n<p>&nbsp;<\/p>\n<p><b>Cad is ainm duit?<\/b><\/p>\n<p>Ciara Jaffray is ainm domsa!<\/p>\n<p>&nbsp;<\/p>\n<p><b>C\u00e9n aois th\u00fa?\u00a0<\/b><\/p>\n<p>T\u00e1im 21 bliain d\u2019aois.<\/p>\n<p>&nbsp;<\/p>\n<p><b>C\u00e9n c\u00farsa at\u00e1 \u00e1 dh\u00e9anamh agatsa faoi l\u00e1thair?<\/b><\/p>\n<p>T\u00e1im ag stad\u00e9ar \u2018Guth is Damhsa\u2019 san Acadamh.<\/p>\n<p>&nbsp;<\/p>\n<p><b>C\u00e1rbh as duitse?<\/b><\/p>\n<p>Is an U\u00edbh Fhail\u00ed dom f\u00e9in.<\/p>\n<p>&nbsp;<\/p>\n<p><b>Is bre\u00e1 liom do st\u00edl! Inis dom faoi c\u00e9ard at\u00e1 \u00e1 chaitheamh agat!<\/b><\/p>\n<p>Ah go raibh m\u00edle! Bhuel, fuair m\u00e9 an gheansa\u00ed i Lifestyle Sport i gcomhair \u20ac75, an t-l\u00e9ine i Penny\u2019s do \u20ac8, na br\u00edst\u00ed g\u00e9ana dubh i Penny\u2019s chomh maith ar feadh \u20ac10. Slad mhargadh iontach nach ea?! Fuair m\u00e9 na br\u00f3ga\u00ed reatha fionnuar\u00a0 i New Balance don phraghas \u20ac47! T\u00e1 an CAL ( culaith an lae) seo foirfe i gcomhair l\u00e1 gn\u00f3thach ag rith \u00f3 l\u00e9acht amh\u00e1in go dt\u00ed l\u00e9acht eile san aimsir neamh tuartha at\u00e1 againn na laethanta seo.<\/p>\n<p>&nbsp;<\/p>\n<p><b>Woah slad mharga\u00ed den scoth gan dabht! Go raibh m\u00edle maith agatsa as ucht labhairt liom a Chiara!<\/b><\/p>\n<div class=\"pvc_clear\"><\/div>\n<p id=\"pvc_stats_17088\" class=\"pvc_stats all  \" data-element-id=\"17088\" style=\"\"><i class=\"pvc-stats-icon medium\" aria-hidden=\"true\"><svg aria-hidden=\"true\" focusable=\"false\" data-prefix=\"far\" data-icon=\"chart-bar\" role=\"img\" xmlns=\"http:\/\/www.w3.org\/2000\/svg\" viewBox=\"0 0 512 512\" class=\"svg-inline--fa fa-chart-bar fa-w-16 fa-2x\"><path fill=\"currentColor\" d=\"M396.8 352h22.4c6.4 0 12.8-6.4 12.8-12.8V108.8c0-6.4-6.4-12.8-12.8-12.8h-22.4c-6.4 0-12.8 6.4-12.8 12.8v230.4c0 6.4 6.4 12.8 12.8 12.8zm-192 0h22.4c6.4 0 12.8-6.4 12.8-12.8V140.8c0-6.4-6.4-12.8-12.8-12.8h-22.4c-6.4 0-12.8 6.4-12.8 12.8v198.4c0 6.4 6.4 12.8 12.8 12.8zm96 0h22.4c6.4 0 12.8-6.4 12.8-12.8V204.8c0-6.4-6.4-12.8-12.8-12.8h-22.4c-6.4 0-12.8 6.4-12.8 12.8v134.4c0 6.4 6.4 12.8 12.8 12.8zM496 400H48V80c0-8.84-7.16-16-16-16H16C7.16 64 0 71.16 0 80v336c0 17.67 14.33 32 32 32h464c8.84 0 16-7.16 16-16v-16c0-8.84-7.16-16-16-16zm-387.2-48h22.4c6.4 0 12.8-6.4 12.8-12.8v-70.4c0-6.4-6.4-12.8-12.8-12.8h-22.4c-6.4 0-12.8 6.4-12.8 12.8v70.4c0 6.4 6.4 12.8 12.8 12.8z\" class=\"\"><\/path><\/svg><\/i> <img decoding=\"async\" width=\"16\" height=\"16\" alt=\"Loading\" src=\"https:\/\/www.anfocal.ie\/wp-content\/plugins\/page-views-count\/ajax-loader-2x.gif\" border=0 \/><\/p>\n<div class=\"pvc_clear\"><\/div>\n<a class=\"synved-social-button synved-social-button-share synved-social-size-48 synved-social-resolution-single synved-social-provider-facebook nolightbox\" data-provider=\"facebook\" target=\"_blank\" rel=\"nofollow\" title=\"Share on Facebook\" href=\"https:\/\/www.facebook.com\/sharer.php?u=https%3A%2F%2Fwww.anfocal.ie&#038;t=Culaith%20an%20lae&#038;s=100&#038;p&#091;url&#093;=https%3A%2F%2Fwww.anfocal.ie&#038;p&#091;images&#093;&#091;0&#093;=https%3A%2F%2Fwww.anfocal.ie%2Fwp-content%2Fuploads%2F2016%2F03%2F2.png&#038;p&#091;title&#093;=Culaith%20an%20lae\" style=\"font-size: 0px;width:48px;height:48px;margin:0;margin-bottom:5px;margin-right:5px\"><img decoding=\"async\" alt=\"Facebook\" title=\"Share on Facebook\" class=\"synved-share-image synved-social-image synved-social-image-share\" width=\"48\" height=\"48\" style=\"display: inline;width:48px;height:48px;margin: 0;padding: 0;border: none;box-shadow: none\" src=\"https:\/\/www.anfocal.ie\/wp-content\/plugins\/social-media-feather\/synved-social\/addons\/extra-icons\/image\/social\/circle\/96x96\/facebook.png\" \/><\/a><a class=\"synved-social-button synved-social-button-share synved-social-size-48 synved-social-resolution-single synved-social-provider-twitter nolightbox\" data-provider=\"twitter\" target=\"_blank\" rel=\"nofollow\" title=\"Share on Twitter\" href=\"https:\/\/twitter.com\/intent\/tweet?url=https%3A%2F%2Fwww.anfocal.ie&#038;text=Hey%20check%20this%20out\" style=\"font-size: 0px;width:48px;height:48px;margin:0;margin-bottom:5px;margin-right:5px\"><img loading=\"lazy\" decoding=\"async\" alt=\"twitter\" title=\"Share on Twitter\" class=\"synved-share-image synved-social-image synved-social-image-share\" width=\"48\" height=\"48\" style=\"display: inline;width:48px;height:48px;margin: 0;padding: 0;border: none;box-shadow: none\" src=\"https:\/\/www.anfocal.ie\/wp-content\/plugins\/social-media-feather\/synved-social\/addons\/extra-icons\/image\/social\/circle\/96x96\/twitter.png\" \/><\/a><a class=\"synved-social-button synved-social-button-share synved-social-size-48 synved-social-resolution-single synved-social-provider-reddit nolightbox\" data-provider=\"reddit\" target=\"_blank\" rel=\"nofollow\" title=\"Share on Reddit\" href=\"https:\/\/www.reddit.com\/submit?url=https%3A%2F%2Fwww.anfocal.ie&#038;title=Culaith%20an%20lae\" style=\"font-size: 0px;width:48px;height:48px;margin:0;margin-bottom:5px;margin-right:5px\"><img loading=\"lazy\" decoding=\"async\" alt=\"reddit\" title=\"Share on Reddit\" class=\"synved-share-image synved-social-image synved-social-image-share\" width=\"48\" height=\"48\" style=\"display: inline;width:48px;height:48px;margin: 0;padding: 0;border: none;box-shadow: none\" src=\"https:\/\/www.anfocal.ie\/wp-content\/plugins\/social-media-feather\/synved-social\/addons\/extra-icons\/image\/social\/circle\/96x96\/reddit.png\" \/><\/a><a class=\"synved-social-button synved-social-button-share synved-social-size-48 synved-social-resolution-single synved-social-provider-pinterest nolightbox\" data-provider=\"pinterest\" target=\"_blank\" rel=\"nofollow\" title=\"Pin it with Pinterest\" href=\"https:\/\/pinterest.com\/pin\/create\/button\/?url=https%3A%2F%2Fwww.anfocal.ie&#038;media=https%3A%2F%2Fwww.anfocal.ie%2Fwp-content%2Fuploads%2F2016%2F03%2F2.png&#038;description=Culaith%20an%20lae\" style=\"font-size: 0px;width:48px;height:48px;margin:0;margin-bottom:5px;margin-right:5px\"><img loading=\"lazy\" decoding=\"async\" alt=\"pinterest\" title=\"Pin it with Pinterest\" class=\"synved-share-image synved-social-image synved-social-image-share\" width=\"48\" height=\"48\" style=\"display: inline;width:48px;height:48px;margin: 0;padding: 0;border: none;box-shadow: none\" src=\"https:\/\/www.anfocal.ie\/wp-content\/plugins\/social-media-feather\/synved-social\/addons\/extra-icons\/image\/social\/circle\/96x96\/pinterest.png\" \/><\/a><a class=\"synved-social-button synved-social-button-share synved-social-size-48 synved-social-resolution-single synved-social-provider-linkedin nolightbox\" data-provider=\"linkedin\" target=\"_blank\" rel=\"nofollow\" title=\"Share on Linkedin\" href=\"https:\/\/www.linkedin.com\/shareArticle?mini=true&#038;url=https%3A%2F%2Fwww.anfocal.ie&#038;title=Culaith%20an%20lae\" style=\"font-size: 0px;width:48px;height:48px;margin:0;margin-bottom:5px;margin-right:5px\"><img loading=\"lazy\" decoding=\"async\" alt=\"linkedin\" title=\"Share on Linkedin\" class=\"synved-share-image synved-social-image synved-social-image-share\" width=\"48\" height=\"48\" style=\"display: inline;width:48px;height:48px;margin: 0;padding: 0;border: none;box-shadow: none\" src=\"https:\/\/www.anfocal.ie\/wp-content\/plugins\/social-media-feather\/synved-social\/addons\/extra-icons\/image\/social\/circle\/96x96\/linkedin.png\" \/><\/a><a class=\"synved-social-button synved-social-button-share synved-social-size-48 synved-social-resolution-single synved-social-provider-mail nolightbox\" data-provider=\"mail\" rel=\"nofollow\" title=\"Share by email\" href=\"mailto:?subject=Culaith%20an%20lae&#038;body=Hey%20check%20this%20out:%20https%3A%2F%2Fwww.anfocal.ie\" style=\"font-size: 0px;width:48px;height:48px;margin:0;margin-bottom:5px\"><img loading=\"lazy\" decoding=\"async\" alt=\"mail\" title=\"Share by email\" class=\"synved-share-image synved-social-image synved-social-image-share\" width=\"48\" height=\"48\" style=\"display: inline;width:48px;height:48px;margin: 0;padding: 0;border: none;box-shadow: none\" src=\"https:\/\/www.anfocal.ie\/wp-content\/plugins\/social-media-feather\/synved-social\/addons\/extra-icons\/image\/social\/circle\/96x96\/mail.png\" \/><\/a>","protected":false},"excerpt":{"rendered":"<p>&nbsp; Le Shauna N\u00ed Sh\u00e9 &nbsp; Cad is ainm duit? Ciara Jaffray is ainm domsa! &nbsp; C\u00e9n aois th\u00fa?\u00a0 T\u00e1im 21 bliain d\u2019aois. &nbsp; C\u00e9n c\u00farsa at\u00e1 \u00e1 dh\u00e9anamh agatsa faoi l\u00e1thair? T\u00e1im ag stad\u00e9ar \u2018Guth is Damhsa\u2019 san Acadamh. &nbsp; C\u00e1rbh as duitse? Is an U\u00edbh Fhail\u00ed dom f\u00e9in. &nbsp; Is bre\u00e1 liom do [&hellip;]<\/p>\n<div class=\"pvc_clear\"><\/div>\n<p id=\"pvc_stats_17088\" class=\"pvc_stats all  \" data-element-id=\"17088\" style=\"\"><i class=\"pvc-stats-icon medium\" aria-hidden=\"true\"><svg aria-hidden=\"true\" focusable=\"false\" data-prefix=\"far\" data-icon=\"chart-bar\" role=\"img\" xmlns=\"http:\/\/www.w3.org\/2000\/svg\" viewBox=\"0 0 512 512\" class=\"svg-inline--fa fa-chart-bar fa-w-16 fa-2x\"><path fill=\"currentColor\" d=\"M396.8 352h22.4c6.4 0 12.8-6.4 12.8-12.8V108.8c0-6.4-6.4-12.8-12.8-12.8h-22.4c-6.4 0-12.8 6.4-12.8 12.8v230.4c0 6.4 6.4 12.8 12.8 12.8zm-192 0h22.4c6.4 0 12.8-6.4 12.8-12.8V140.8c0-6.4-6.4-12.8-12.8-12.8h-22.4c-6.4 0-12.8 6.4-12.8 12.8v198.4c0 6.4 6.4 12.8 12.8 12.8zm96 0h22.4c6.4 0 12.8-6.4 12.8-12.8V204.8c0-6.4-6.4-12.8-12.8-12.8h-22.4c-6.4 0-12.8 6.4-12.8 12.8v134.4c0 6.4 6.4 12.8 12.8 12.8zM496 400H48V80c0-8.84-7.16-16-16-16H16C7.16 64 0 71.16 0 80v336c0 17.67 14.33 32 32 32h464c8.84 0 16-7.16 16-16v-16c0-8.84-7.16-16-16-16zm-387.2-48h22.4c6.4 0 12.8-6.4 12.8-12.8v-70.4c0-6.4-6.4-12.8-12.8-12.8h-22.4c-6.4 0-12.8 6.4-12.8 12.8v70.4c0 6.4 6.4 12.8 12.8 12.8z\" class=\"\"><\/path><\/svg><\/i> <img decoding=\"async\" width=\"16\" height=\"16\" alt=\"Loading\" src=\"https:\/\/www.anfocal.ie\/wp-content\/plugins\/page-views-count\/ajax-loader-2x.gif\" border=0 \/><\/p>\n<div class=\"pvc_clear\"><\/div>\n","protected":false},"author":1,"featured_media":17090,"comment_status":"open","ping_status":"closed","sticky":false,"template":"","format":"standard","meta":{"footnotes":""},"categories":[13],"tags":[],"class_list":["post-17088","post","type-post","status-publish","format-standard","has-post-thumbnail","hentry","category-news"],"a3_pvc":{"activated":true,"total_views":9,"today_views":0},"views":1908,"jetpack_featured_media_url":"https:\/\/www.anfocal.ie\/wp-content\/uploads\/2016\/03\/2.png","wps_subtitle":"","_links":{"self":[{"href":"https:\/\/www.anfocal.ie\/index.php\/wp-json\/wp\/v2\/posts\/17088","targetHints":{"allow":["GET"]}}],"collection":[{"href":"https:\/\/www.anfocal.ie\/index.php\/wp-json\/wp\/v2\/posts"}],"about":[{"href":"https:\/\/www.anfocal.ie\/index.php\/wp-json\/wp\/v2\/types\/post"}],"author":[{"embeddable":true,"href":"https:\/\/www.anfocal.ie\/index.php\/wp-json\/wp\/v2\/users\/1"}],"replies":[{"embeddable":true,"href":"https:\/\/www.anfocal.ie\/index.php\/wp-json\/wp\/v2\/comments?post=17088"}],"version-history":[{"count":2,"href":"https:\/\/www.anfocal.ie\/index.php\/wp-json\/wp\/v2\/posts\/17088\/revisions"}],"predecessor-version":[{"id":17091,"href":"https:\/\/www.anfocal.ie\/index.php\/wp-json\/wp\/v2\/posts\/17088\/revisions\/17091"}],"wp:featuredmedia":[{"embeddable":true,"href":"https:\/\/www.anfocal.ie\/index.php\/wp-json\/wp\/v2\/media\/17090"}],"wp:attachment":[{"href":"https:\/\/www.anfocal.ie\/index.php\/wp-json\/wp\/v2\/media?parent=17088"}],"wp:term":[{"taxonomy":"category","embeddable":true,"href":"https:\/\/www.anfocal.ie\/index.php\/wp-json\/wp\/v2\/categories?post=17088"},{"taxonomy":"post_tag","embeddable":true,"href":"https:\/\/www.anfocal.ie\/index.php\/wp-json\/wp\/v2\/tags?post=17088"}],"curies":[{"name":"wp","href":"https:\/\/api.w.org\/{rel}","templated":true}]}}