{"id":20796,"date":"2018-09-28T12:27:30","date_gmt":"2018-09-28T11:27:30","guid":{"rendered":"http:\/\/www.anfocal.ie\/?p=20796"},"modified":"2018-09-28T12:27:30","modified_gmt":"2018-09-28T11:27:30","slug":"185-gardai-take-on-ba-in-applied-policing","status":"publish","type":"post","link":"https:\/\/www.anfocal.ie\/index.php\/185-gardai-take-on-ba-in-applied-policing\/","title":{"rendered":"185 Gardai Take On BA in Applied Policing"},"content":{"rendered":"<p><span style=\"font-weight: 400;\">New members of An Garda Siochana are undertaking a BA in Applied Policing, accredited by the University of Limerick (UL). <\/span><\/p>\n<p><span style=\"font-weight: 400;\">A total of 185 gardai who were sworn into the force at a special ceremony at the Garda Training College, Templemore this month will take part in the programme, which embeds human rights and ethical policing as a core programme outcome.<\/span><\/p>\n<p><span style=\"font-weight: 400;\">The Bachelor of Arts in Applied Policing and Criminal Justice is a two-year part-time course, delivered online by UL\u2019s School of Law. <\/span><\/p>\n<p><span style=\"font-weight: 400;\">Dr. Shane Kilcommins, Head of UL School of Law said, \u201cWe are delighted to accredit the level 7 and level 9 Garda training programmes and to offer a level 8 online programme that permits Garda\u00ed to upskill in UL on topics such as evidence law, human rights law, criminal law, criminal procedure and crime and criminal justice.\u201d<\/span><\/p>\n<p><span style=\"font-weight: 400;\">\u201cThere is a great emphasis placed on understanding and ethics, terms engrained dearly into the practice of Law at UL.\u201d<\/span><\/p>\n<p><span style=\"font-weight: 400;\">\u201cIt is great to see a fusion between the University and An Garda Siochana, with such a large campus and volume of students to oversee, the University remains relatively peaceful and unscathed from criminal activity.\u201d<\/span><\/p>\n<p><span style=\"font-weight: 400;\">Offering some final thoughts on the BA in Applied Policing Dr. Kilcommins denotes that, \u2018The engagement is unique, and is helping us to develop excellent relations with the Garda\u00ed.\u2019<\/span><\/p>\n<p><span style=\"font-weight: 400;\">Newly appointed Garda Commissioner Drew Harris was in attendance at the ceremony, impressing upon the newly attested members the importance of openness, honesty and integrity as they embark upon the next phase of their careers. <\/span><\/p>\n<p><span style=\"font-weight: 400;\">Commissioner Harris takes the reins at a trying time, taking over from D\u00f3nall \u00d3 Cual\u00e1in, who served as acting Commissioner since the resignation of N\u00f3ir\u00edn O&#8217;Sullivan in September 2017, following an array of Garda scandals, most notable that concerning Maurice McCabe. <\/span><\/p>\n<div class=\"pvc_clear\"><\/div>\n<p id=\"pvc_stats_20796\" class=\"pvc_stats all  \" data-element-id=\"20796\" style=\"\"><i class=\"pvc-stats-icon medium\" aria-hidden=\"true\"><svg aria-hidden=\"true\" focusable=\"false\" data-prefix=\"far\" data-icon=\"chart-bar\" role=\"img\" xmlns=\"http:\/\/www.w3.org\/2000\/svg\" viewBox=\"0 0 512 512\" class=\"svg-inline--fa fa-chart-bar fa-w-16 fa-2x\"><path fill=\"currentColor\" d=\"M396.8 352h22.4c6.4 0 12.8-6.4 12.8-12.8V108.8c0-6.4-6.4-12.8-12.8-12.8h-22.4c-6.4 0-12.8 6.4-12.8 12.8v230.4c0 6.4 6.4 12.8 12.8 12.8zm-192 0h22.4c6.4 0 12.8-6.4 12.8-12.8V140.8c0-6.4-6.4-12.8-12.8-12.8h-22.4c-6.4 0-12.8 6.4-12.8 12.8v198.4c0 6.4 6.4 12.8 12.8 12.8zm96 0h22.4c6.4 0 12.8-6.4 12.8-12.8V204.8c0-6.4-6.4-12.8-12.8-12.8h-22.4c-6.4 0-12.8 6.4-12.8 12.8v134.4c0 6.4 6.4 12.8 12.8 12.8zM496 400H48V80c0-8.84-7.16-16-16-16H16C7.16 64 0 71.16 0 80v336c0 17.67 14.33 32 32 32h464c8.84 0 16-7.16 16-16v-16c0-8.84-7.16-16-16-16zm-387.2-48h22.4c6.4 0 12.8-6.4 12.8-12.8v-70.4c0-6.4-6.4-12.8-12.8-12.8h-22.4c-6.4 0-12.8 6.4-12.8 12.8v70.4c0 6.4 6.4 12.8 12.8 12.8z\" class=\"\"><\/path><\/svg><\/i> <img decoding=\"async\" width=\"16\" height=\"16\" alt=\"Loading\" src=\"https:\/\/www.anfocal.ie\/wp-content\/plugins\/page-views-count\/ajax-loader-2x.gif\" border=0 \/><\/p>\n<div class=\"pvc_clear\"><\/div>\n<a class=\"synved-social-button synved-social-button-share synved-social-size-48 synved-social-resolution-single synved-social-provider-facebook nolightbox\" data-provider=\"facebook\" target=\"_blank\" rel=\"nofollow\" title=\"Share on Facebook\" href=\"https:\/\/www.facebook.com\/sharer.php?u=https%3A%2F%2Fwww.anfocal.ie&#038;t=185%20Gardai%20Take%20On%20BA%20in%20Applied%20Policing&#038;s=100&#038;p&#091;url&#093;=https%3A%2F%2Fwww.anfocal.ie&#038;p&#091;images&#093;&#091;0&#093;=https%3A%2F%2Fwww.anfocal.ie%2Fwp-content%2Fuploads%2F2018%2F09%2F185-new-Gardai-take-on-UL-BA-in-Applied-Policing-_0.jpg&#038;p&#091;title&#093;=185%20Gardai%20Take%20On%20BA%20in%20Applied%20Policing\" style=\"font-size: 0px;width:48px;height:48px;margin:0;margin-bottom:5px;margin-right:5px\"><img decoding=\"async\" alt=\"Facebook\" title=\"Share on Facebook\" class=\"synved-share-image synved-social-image synved-social-image-share\" width=\"48\" height=\"48\" style=\"display: inline;width:48px;height:48px;margin: 0;padding: 0;border: none;box-shadow: none\" src=\"https:\/\/www.anfocal.ie\/wp-content\/plugins\/social-media-feather\/synved-social\/addons\/extra-icons\/image\/social\/circle\/96x96\/facebook.png\" \/><\/a><a class=\"synved-social-button synved-social-button-share synved-social-size-48 synved-social-resolution-single synved-social-provider-twitter nolightbox\" data-provider=\"twitter\" target=\"_blank\" rel=\"nofollow\" title=\"Share on Twitter\" href=\"https:\/\/twitter.com\/intent\/tweet?url=https%3A%2F%2Fwww.anfocal.ie&#038;text=Hey%20check%20this%20out\" style=\"font-size: 0px;width:48px;height:48px;margin:0;margin-bottom:5px;margin-right:5px\"><img decoding=\"async\" alt=\"twitter\" title=\"Share on Twitter\" class=\"synved-share-image synved-social-image synved-social-image-share\" width=\"48\" height=\"48\" style=\"display: inline;width:48px;height:48px;margin: 0;padding: 0;border: none;box-shadow: none\" src=\"https:\/\/www.anfocal.ie\/wp-content\/plugins\/social-media-feather\/synved-social\/addons\/extra-icons\/image\/social\/circle\/96x96\/twitter.png\" \/><\/a><a class=\"synved-social-button synved-social-button-share synved-social-size-48 synved-social-resolution-single synved-social-provider-reddit nolightbox\" data-provider=\"reddit\" target=\"_blank\" rel=\"nofollow\" title=\"Share on Reddit\" href=\"https:\/\/www.reddit.com\/submit?url=https%3A%2F%2Fwww.anfocal.ie&#038;title=185%20Gardai%20Take%20On%20BA%20in%20Applied%20Policing\" style=\"font-size: 0px;width:48px;height:48px;margin:0;margin-bottom:5px;margin-right:5px\"><img loading=\"lazy\" decoding=\"async\" alt=\"reddit\" title=\"Share on Reddit\" class=\"synved-share-image synved-social-image synved-social-image-share\" width=\"48\" height=\"48\" style=\"display: inline;width:48px;height:48px;margin: 0;padding: 0;border: none;box-shadow: none\" src=\"https:\/\/www.anfocal.ie\/wp-content\/plugins\/social-media-feather\/synved-social\/addons\/extra-icons\/image\/social\/circle\/96x96\/reddit.png\" \/><\/a><a class=\"synved-social-button synved-social-button-share synved-social-size-48 synved-social-resolution-single synved-social-provider-pinterest nolightbox\" data-provider=\"pinterest\" target=\"_blank\" rel=\"nofollow\" title=\"Pin it with Pinterest\" href=\"https:\/\/pinterest.com\/pin\/create\/button\/?url=https%3A%2F%2Fwww.anfocal.ie&#038;media=https%3A%2F%2Fwww.anfocal.ie%2Fwp-content%2Fuploads%2F2018%2F09%2F185-new-Gardai-take-on-UL-BA-in-Applied-Policing-_0.jpg&#038;description=185%20Gardai%20Take%20On%20BA%20in%20Applied%20Policing\" style=\"font-size: 0px;width:48px;height:48px;margin:0;margin-bottom:5px;margin-right:5px\"><img loading=\"lazy\" decoding=\"async\" alt=\"pinterest\" title=\"Pin it with Pinterest\" class=\"synved-share-image synved-social-image synved-social-image-share\" width=\"48\" height=\"48\" style=\"display: inline;width:48px;height:48px;margin: 0;padding: 0;border: none;box-shadow: none\" src=\"https:\/\/www.anfocal.ie\/wp-content\/plugins\/social-media-feather\/synved-social\/addons\/extra-icons\/image\/social\/circle\/96x96\/pinterest.png\" \/><\/a><a class=\"synved-social-button synved-social-button-share synved-social-size-48 synved-social-resolution-single synved-social-provider-linkedin nolightbox\" data-provider=\"linkedin\" target=\"_blank\" rel=\"nofollow\" title=\"Share on Linkedin\" href=\"https:\/\/www.linkedin.com\/shareArticle?mini=true&#038;url=https%3A%2F%2Fwww.anfocal.ie&#038;title=185%20Gardai%20Take%20On%20BA%20in%20Applied%20Policing\" style=\"font-size: 0px;width:48px;height:48px;margin:0;margin-bottom:5px;margin-right:5px\"><img loading=\"lazy\" decoding=\"async\" alt=\"linkedin\" title=\"Share on Linkedin\" class=\"synved-share-image synved-social-image synved-social-image-share\" width=\"48\" height=\"48\" style=\"display: inline;width:48px;height:48px;margin: 0;padding: 0;border: none;box-shadow: none\" src=\"https:\/\/www.anfocal.ie\/wp-content\/plugins\/social-media-feather\/synved-social\/addons\/extra-icons\/image\/social\/circle\/96x96\/linkedin.png\" \/><\/a><a class=\"synved-social-button synved-social-button-share synved-social-size-48 synved-social-resolution-single synved-social-provider-mail nolightbox\" data-provider=\"mail\" rel=\"nofollow\" title=\"Share by email\" href=\"mailto:?subject=185%20Gardai%20Take%20On%20BA%20in%20Applied%20Policing&#038;body=Hey%20check%20this%20out:%20https%3A%2F%2Fwww.anfocal.ie\" style=\"font-size: 0px;width:48px;height:48px;margin:0;margin-bottom:5px\"><img loading=\"lazy\" decoding=\"async\" alt=\"mail\" title=\"Share by email\" class=\"synved-share-image synved-social-image synved-social-image-share\" width=\"48\" height=\"48\" style=\"display: inline;width:48px;height:48px;margin: 0;padding: 0;border: none;box-shadow: none\" src=\"https:\/\/www.anfocal.ie\/wp-content\/plugins\/social-media-feather\/synved-social\/addons\/extra-icons\/image\/social\/circle\/96x96\/mail.png\" \/><\/a>","protected":false},"excerpt":{"rendered":"<p>New members of An Garda Siochana are undertaking a BA in Applied Policing, accredited by the University of Limerick (UL). A total of 185 gardai who were sworn into the force at a special ceremony at the Garda Training College, Templemore this month will take part in the programme, which embeds human rights and ethical [&hellip;]<\/p>\n<div class=\"pvc_clear\"><\/div>\n<p id=\"pvc_stats_20796\" class=\"pvc_stats all  \" data-element-id=\"20796\" style=\"\"><i class=\"pvc-stats-icon medium\" aria-hidden=\"true\"><svg aria-hidden=\"true\" focusable=\"false\" data-prefix=\"far\" data-icon=\"chart-bar\" role=\"img\" xmlns=\"http:\/\/www.w3.org\/2000\/svg\" viewBox=\"0 0 512 512\" class=\"svg-inline--fa fa-chart-bar fa-w-16 fa-2x\"><path fill=\"currentColor\" d=\"M396.8 352h22.4c6.4 0 12.8-6.4 12.8-12.8V108.8c0-6.4-6.4-12.8-12.8-12.8h-22.4c-6.4 0-12.8 6.4-12.8 12.8v230.4c0 6.4 6.4 12.8 12.8 12.8zm-192 0h22.4c6.4 0 12.8-6.4 12.8-12.8V140.8c0-6.4-6.4-12.8-12.8-12.8h-22.4c-6.4 0-12.8 6.4-12.8 12.8v198.4c0 6.4 6.4 12.8 12.8 12.8zm96 0h22.4c6.4 0 12.8-6.4 12.8-12.8V204.8c0-6.4-6.4-12.8-12.8-12.8h-22.4c-6.4 0-12.8 6.4-12.8 12.8v134.4c0 6.4 6.4 12.8 12.8 12.8zM496 400H48V80c0-8.84-7.16-16-16-16H16C7.16 64 0 71.16 0 80v336c0 17.67 14.33 32 32 32h464c8.84 0 16-7.16 16-16v-16c0-8.84-7.16-16-16-16zm-387.2-48h22.4c6.4 0 12.8-6.4 12.8-12.8v-70.4c0-6.4-6.4-12.8-12.8-12.8h-22.4c-6.4 0-12.8 6.4-12.8 12.8v70.4c0 6.4 6.4 12.8 12.8 12.8z\" class=\"\"><\/path><\/svg><\/i> <img decoding=\"async\" width=\"16\" height=\"16\" alt=\"Loading\" src=\"https:\/\/www.anfocal.ie\/wp-content\/plugins\/page-views-count\/ajax-loader-2x.gif\" border=0 \/><\/p>\n<div class=\"pvc_clear\"><\/div>\n","protected":false},"author":10699,"featured_media":20797,"comment_status":"closed","ping_status":"closed","sticky":false,"template":"","format":"standard","meta":{"footnotes":""},"categories":[13],"tags":[],"class_list":["post-20796","post","type-post","status-publish","format-standard","has-post-thumbnail","hentry","category-news"],"a3_pvc":{"activated":true,"total_views":36,"today_views":0},"views":2373,"jetpack_featured_media_url":"https:\/\/www.anfocal.ie\/wp-content\/uploads\/2018\/09\/185-new-Gardai-take-on-UL-BA-in-Applied-Policing-_0.jpg","wps_subtitle":"","_links":{"self":[{"href":"https:\/\/www.anfocal.ie\/index.php\/wp-json\/wp\/v2\/posts\/20796","targetHints":{"allow":["GET"]}}],"collection":[{"href":"https:\/\/www.anfocal.ie\/index.php\/wp-json\/wp\/v2\/posts"}],"about":[{"href":"https:\/\/www.anfocal.ie\/index.php\/wp-json\/wp\/v2\/types\/post"}],"author":[{"embeddable":true,"href":"https:\/\/www.anfocal.ie\/index.php\/wp-json\/wp\/v2\/users\/10699"}],"replies":[{"embeddable":true,"href":"https:\/\/www.anfocal.ie\/index.php\/wp-json\/wp\/v2\/comments?post=20796"}],"version-history":[{"count":1,"href":"https:\/\/www.anfocal.ie\/index.php\/wp-json\/wp\/v2\/posts\/20796\/revisions"}],"predecessor-version":[{"id":20798,"href":"https:\/\/www.anfocal.ie\/index.php\/wp-json\/wp\/v2\/posts\/20796\/revisions\/20798"}],"wp:featuredmedia":[{"embeddable":true,"href":"https:\/\/www.anfocal.ie\/index.php\/wp-json\/wp\/v2\/media\/20797"}],"wp:attachment":[{"href":"https:\/\/www.anfocal.ie\/index.php\/wp-json\/wp\/v2\/media?parent=20796"}],"wp:term":[{"taxonomy":"category","embeddable":true,"href":"https:\/\/www.anfocal.ie\/index.php\/wp-json\/wp\/v2\/categories?post=20796"},{"taxonomy":"post_tag","embeddable":true,"href":"https:\/\/www.anfocal.ie\/index.php\/wp-json\/wp\/v2\/tags?post=20796"}],"curies":[{"name":"wp","href":"https:\/\/api.w.org\/{rel}","templated":true}]}}