{"id":24154,"date":"2021-10-22T13:00:43","date_gmt":"2021-10-22T12:00:43","guid":{"rendered":"https:\/\/www.anfocal.ie\/?p=24154"},"modified":"2021-10-25T11:57:59","modified_gmt":"2021-10-25T10:57:59","slug":"student-homelessness-soars-in-ul-in-first-semester-back-on-campus","status":"publish","type":"post","link":"https:\/\/www.anfocal.ie\/index.php\/student-homelessness-soars-in-ul-in-first-semester-back-on-campus\/","title":{"rendered":"Student Homelessness soars in UL in first semester back on campus"},"content":{"rendered":"<p>The University of Limerick is currently facing an unprecedented student homelessness crisis.<\/p>\n<p>&nbsp;<\/p>\n<p>Continued unsustainable growth of the student population by the university, without an increase in the number of on campus beds available has led to students commuting hours to lectures, sleeping on floors and paying hundreds per week for a roof over their heads in hotels.<\/p>\n<p>&nbsp;<\/p>\n<p>Speaking to An Focal, UL Student Life President Cillian O\u2019Donoghue and UL Postgraduate Student Union Vice President Louis Pemble both assessed the situation.<\/p>\n<p>&nbsp;<\/p>\n<p>\u201cThis [accommodation] shortage has been on the cards for the last number of years but is really starting to come to the fore now,\u201d the Student Life President said.<\/p>\n<p>&nbsp;<\/p>\n<p>The ULPSU VP said, \u201cthe real crux of the matter is that student numbers in UL have gone up by the 1000\u2019s over the last number of years and the accommodation hasn&#8217;t grown with it, be it on campus or off campus, there has been no student housing built.\u201d<\/p>\n<p>&nbsp;<\/p>\n<p>According to Pemble, the University has been made aware of the situation by the PSU and asked to stop expanding but \u201cthey&#8217;ve said it is not an option because that&#8217;s the model they&#8217;re using, that&#8217;s how they [UL] pay the bills.\u201d<\/p>\n<p>&nbsp;<\/p>\n<p>The pressure of COVID-19 and work from home has put additional strain on the local housing market, leaving students at a loss for off campus accommodation.<\/p>\n<p>&nbsp;<\/p>\n<p>\u201cThere&#8217;s a lot of working professionals moving back to Limerick and they&#8217;ve taken up rooms that weren&#8217;t occupied by students during Covid. Unfortunately, these houses that they&#8217;re renting were actually occupied by students before. So it&#8217;s just added to the shortage really,\u201d O&#8217;Donoghue said.<\/p>\n<p>&nbsp;<\/p>\n<p>He stressed that this is the worst crisis we\u2019ve ever seen here in Limerick and that students are missing out on vital university experiences as a result.<\/p>\n<p>&nbsp;<\/p>\n<p>\u201cI spoke to students who were paying \u20ac380 or a week in a hotel in Limerick until they can find a room which is just so stressful for students. It&#8217;s not right\u201d<\/p>\n<p>&nbsp;<\/p>\n<p>The Student Life President added that the idea of reliance on the external rental market is \u201ccrashing down\u201d and there will be a need for purpose built student accommodation both on and off campus.<\/p>\n<p>&nbsp;<\/p>\n<p>There are currently no plans in place for more purpose built student accommodation at UL. The Student Life President alongside the Welfare Officer Se\u00e1n \u00d3 Maoilchiar\u00e1in who both sit on UL\u2019s Governing Authority have highlighted the issue and requested they provide a plan for the next Governing Authority meeting around the accommodation crisis in mid-November.<\/p>\n<p>&nbsp;<\/p>\n<p>Despite O\u2019Donoghue\u2019s Position as President of UL Student Life, he stated that <strong>\u201cwe are not in the position really to make demands\u201d [of UL]<\/strong>, although he sees the union as being capable of raising issues with the university. This stance, coming in the light of the last piece of union activism before the COVID lockdowns being the union\u2019s successful campaign against UL turning single bedrooms into double rooms in on-campus accommodation, seems surprising.<\/p>\n<p>&nbsp;<\/p>\n<p>During that campaign, Student President Jack Scanlon told campaigners that given the pattern of newly-elected student officers not wanting to get off to an aggressive start in their relationship with UL, each new team starts their terms being polite and ends it by taking firm stances.<\/p>\n<p>&nbsp;<\/p>\n<p>He elaborated that this meant that in cases of multi-annual issues, the union\u2019s aggression would effectively reset after each election, meaning that UL just had to sit tight and the problem would go away. Scanlon\u2019s conclusion? Making demands of the university is the only way to make progress on serious issues.<\/p>\n<p>&nbsp;<\/p>\n<p>The Student Life President said that \u201cIf it [the provision of more accommodation] does happen, it won&#8217;t be for the next three years, it&#8217;s going to require government funding. We need solutions for the long term and short term.\u201d<\/p>\n<p>&nbsp;<\/p>\n<p>He added that Student Life are \u201cvery happy to work with UL and Limerick City Council but ultimately it comes down to government policy,\u201d so if the government isn&#8217;t favourable to new student accommodation, it is the students who will suffer as a result.<\/p>\n<p>&nbsp;<\/p>\n<p>Meanwhile Pemble has been applying pressure to CAMPG (Covid Academic Monitoring Planning Group) to accommodate student facilities and requirements in a post COVID-19 environment; primarily accommodation and study spaces on campus.<\/p>\n<p>&nbsp;<\/p>\n<p>\u201cIt&#8217;s our responsibility to keep the pressure on the universities to get it solved, ASAP,\u201d he said, noting that UL has only set aside capacity for 324 students in study spaces, many of which are in noisy areas such as Red Raisins [note: this interview was conducted before the recent changes to the Library capacity.]\n<p>&nbsp;<\/p>\n<p>Hopeful to get answers sooner rather than later, and whether plans get put in place or not, the ULPSU VP knows \u201cthere could be another 24 months, or a while yet\u201d for action so keeping the pressure on UL is going to be important.<\/p>\n<p>&nbsp;<\/p>\n<p>Pemble added, \u201cA student village isn&#8217;t going to get built in six months, we&#8217;re realistic about that. So that&#8217;s why, it has to be something a bit outside the box,\u201d giving credit to staff members that have taken in students and encouraging more to do so.<\/p>\n<p>&nbsp;<\/p>\n<p>O\u2019Donoghue and Academic Officer Alice Hynes also spoke to CAMPG and outlined that students should be accommodated with online resources, lectures and course materials, especially those who are facing homelessness.<\/p>\n<p>&nbsp;<\/p>\n<p>Issues such as Erasmus students who can&#8217;t get credits from their home university if they can&#8217;t come to college in Limerick due to the lack of accommodation have also been addressed and the Student Life President is working with UL Global for a solution.<\/p>\n<p>&nbsp;<\/p>\n<figure id=\"attachment_24158\" aria-describedby=\"caption-attachment-24158\" style=\"width: 409px\" class=\"wp-caption aligncenter\"><img fetchpriority=\"high\" decoding=\"async\" class=\" wp-image-24158\" src=\"https:\/\/www.anfocal.ie\/wp-content\/uploads\/2021\/10\/books-gf581b14a9_1920-300x225.jpg\" alt=\"\" width=\"409\" height=\"307\" srcset=\"https:\/\/www.anfocal.ie\/wp-content\/uploads\/2021\/10\/books-gf581b14a9_1920-300x225.jpg 300w, https:\/\/www.anfocal.ie\/wp-content\/uploads\/2021\/10\/books-gf581b14a9_1920-768x576.jpg 768w, https:\/\/www.anfocal.ie\/wp-content\/uploads\/2021\/10\/books-gf581b14a9_1920-1536x1152.jpg 1536w, https:\/\/www.anfocal.ie\/wp-content\/uploads\/2021\/10\/books-gf581b14a9_1920.jpg 1920w\" sizes=\"(max-width: 409px) 100vw, 409px\" \/><figcaption id=\"caption-attachment-24158\" class=\"wp-caption-text\">How can students focus on study when they have nowhere to live?<\/figcaption><\/figure>\n<p>&nbsp;<\/p>\n<p>Similarly, the ULPSU VP \u200b\u200boutlined that international students don&#8217;t have the network of people locally that an Irish student might have so it is very hard for them.<\/p>\n<p>&nbsp;<\/p>\n<p>\u201cWe direct them to the accommodation office but the fact of the matter is the accommodation office more often than not, doesn&#8217;t have anything. If the house or room is advertised on rent or daft, it goes so, so, quickly.\u201d<\/p>\n<p>&nbsp;<\/p>\n<p>Pemble advised students to be flexible, consider living somewhere a little bit further away, but on the bus routes and the main thing is to get a roof over their heads.<\/p>\n<p>&nbsp;<\/p>\n<p>The Student Life President said \u201cit&#8217;s very difficult to tell students not to give up on finding accommodation\u201d compared to previous years but this year is especially valid, highlighting how bad the situation is.<\/p>\n<p>&nbsp;<\/p>\n<p>\u201cI don&#8217;t feel comfortable telling students to keep trying to find accommodation because I don&#8217;t know, I genuinely cannot say that there is accommodation available for them\u201d<\/p>\n<p>&nbsp;<\/p>\n<p>O\u2019Donoghue added to make sure you assess your situation and drop into Student Life before making any decisions around the future of your academics or dropping out.<\/p>\n<p>&nbsp;<\/p>\n<p>With the current crisis comes a lack of infrastructure for the growing campus community and a need for more staff, restaurants, lecture space, and study rooms, O\u2019Donoghue stressed that this is a hugely worrying part of his job as President.<\/p>\n<p>&nbsp;<\/p>\n<p>\u201cI don&#8217;t see evidence of that happening from UL and that&#8217;s why we&#8217;re really working on trying to fix the problems that have happened over the last 10 years from the lack of planning, etc.\u201d<\/p>\n<p>&nbsp;<\/p>\n<p>However, he is not yet ready to commit to protests. When questioned about UL Student Life\u2019s historic support for nationwide USI-run protests versus its silence on the recent \u201cNo Keys, No Degrees\u201d sleep-outs in front of the D\u00e1il, O\u2019Donoghue expressed \u201c100%\u201d verbal support for USI and its allies\u2019 \u201cbrilliant campaign\u201d, but declined to commit the union\u2019s resources to protests until he hears UL Governing Authority\u2019s plans, stressing that if he is unhappy with the response from the university he will be pushing for a strong response from the union including protests.<\/p>\n<p>&nbsp;<\/p>\n<p>In a recent exclusive interview with ULFM, UL\u2019s President Professor Kerstin Mey pointed out that the accommodation crisis is a sectoral crisis due to the lack of housing across the country, not just Limerick and that we have to be \u201cvery creative to find ways of supporting our students.\u201d<\/p>\n<p>&nbsp;<\/p>\n<p>Both the Student Life President and ULPSU VP are in agreement that the current homelessness crisis is a disappointing consequence at the hands of the university&#8217;s growth without pre-planning and adequate solutions.<\/p>\n<p>&nbsp;<\/p>\n<p>The PSU VP also noted that the message from UL about this semester is \u201cback to normal,\u201d and from what he has seen, this semester is not up to the standard of the last normal semester in Autumn 2019.<\/p>\n<div class=\"pvc_clear\"><\/div>\n<p id=\"pvc_stats_24154\" class=\"pvc_stats all  \" data-element-id=\"24154\" style=\"\"><i class=\"pvc-stats-icon medium\" aria-hidden=\"true\"><svg aria-hidden=\"true\" focusable=\"false\" data-prefix=\"far\" data-icon=\"chart-bar\" role=\"img\" xmlns=\"http:\/\/www.w3.org\/2000\/svg\" viewBox=\"0 0 512 512\" class=\"svg-inline--fa fa-chart-bar fa-w-16 fa-2x\"><path fill=\"currentColor\" d=\"M396.8 352h22.4c6.4 0 12.8-6.4 12.8-12.8V108.8c0-6.4-6.4-12.8-12.8-12.8h-22.4c-6.4 0-12.8 6.4-12.8 12.8v230.4c0 6.4 6.4 12.8 12.8 12.8zm-192 0h22.4c6.4 0 12.8-6.4 12.8-12.8V140.8c0-6.4-6.4-12.8-12.8-12.8h-22.4c-6.4 0-12.8 6.4-12.8 12.8v198.4c0 6.4 6.4 12.8 12.8 12.8zm96 0h22.4c6.4 0 12.8-6.4 12.8-12.8V204.8c0-6.4-6.4-12.8-12.8-12.8h-22.4c-6.4 0-12.8 6.4-12.8 12.8v134.4c0 6.4 6.4 12.8 12.8 12.8zM496 400H48V80c0-8.84-7.16-16-16-16H16C7.16 64 0 71.16 0 80v336c0 17.67 14.33 32 32 32h464c8.84 0 16-7.16 16-16v-16c0-8.84-7.16-16-16-16zm-387.2-48h22.4c6.4 0 12.8-6.4 12.8-12.8v-70.4c0-6.4-6.4-12.8-12.8-12.8h-22.4c-6.4 0-12.8 6.4-12.8 12.8v70.4c0 6.4 6.4 12.8 12.8 12.8z\" class=\"\"><\/path><\/svg><\/i> <img decoding=\"async\" width=\"16\" height=\"16\" alt=\"Loading\" src=\"https:\/\/www.anfocal.ie\/wp-content\/plugins\/page-views-count\/ajax-loader-2x.gif\" border=0 \/><\/p>\n<div class=\"pvc_clear\"><\/div>\n<a class=\"synved-social-button synved-social-button-share synved-social-size-48 synved-social-resolution-single synved-social-provider-facebook nolightbox\" data-provider=\"facebook\" target=\"_blank\" rel=\"nofollow\" title=\"Share on Facebook\" href=\"https:\/\/www.facebook.com\/sharer.php?u=https%3A%2F%2Fwww.anfocal.ie&#038;t=Student%20Homelessness%20soars%20in%20UL%20in%20first%20semester%20back%20on%20campus&#038;s=100&#038;p&#091;url&#093;=https%3A%2F%2Fwww.anfocal.ie&#038;p&#091;images&#093;&#091;0&#093;=https%3A%2F%2Fwww.anfocal.ie%2Fwp-content%2Fuploads%2F2021%2F10%2Fperson-g1ac674fd0_1920.jpg&#038;p&#091;title&#093;=Student%20Homelessness%20soars%20in%20UL%20in%20first%20semester%20back%20on%20campus\" style=\"font-size: 0px;width:48px;height:48px;margin:0;margin-bottom:5px;margin-right:5px\"><img decoding=\"async\" alt=\"Facebook\" title=\"Share on Facebook\" class=\"synved-share-image synved-social-image synved-social-image-share\" width=\"48\" height=\"48\" style=\"display: inline;width:48px;height:48px;margin: 0;padding: 0;border: none;box-shadow: none\" src=\"https:\/\/www.anfocal.ie\/wp-content\/plugins\/social-media-feather\/synved-social\/addons\/extra-icons\/image\/social\/circle\/96x96\/facebook.png\" \/><\/a><a class=\"synved-social-button synved-social-button-share synved-social-size-48 synved-social-resolution-single synved-social-provider-twitter nolightbox\" data-provider=\"twitter\" target=\"_blank\" rel=\"nofollow\" title=\"Share on Twitter\" href=\"https:\/\/twitter.com\/intent\/tweet?url=https%3A%2F%2Fwww.anfocal.ie&#038;text=Hey%20check%20this%20out\" style=\"font-size: 0px;width:48px;height:48px;margin:0;margin-bottom:5px;margin-right:5px\"><img loading=\"lazy\" decoding=\"async\" alt=\"twitter\" title=\"Share on Twitter\" class=\"synved-share-image synved-social-image synved-social-image-share\" width=\"48\" height=\"48\" style=\"display: inline;width:48px;height:48px;margin: 0;padding: 0;border: none;box-shadow: none\" src=\"https:\/\/www.anfocal.ie\/wp-content\/plugins\/social-media-feather\/synved-social\/addons\/extra-icons\/image\/social\/circle\/96x96\/twitter.png\" \/><\/a><a class=\"synved-social-button synved-social-button-share synved-social-size-48 synved-social-resolution-single synved-social-provider-reddit nolightbox\" data-provider=\"reddit\" target=\"_blank\" rel=\"nofollow\" title=\"Share on Reddit\" href=\"https:\/\/www.reddit.com\/submit?url=https%3A%2F%2Fwww.anfocal.ie&#038;title=Student%20Homelessness%20soars%20in%20UL%20in%20first%20semester%20back%20on%20campus\" style=\"font-size: 0px;width:48px;height:48px;margin:0;margin-bottom:5px;margin-right:5px\"><img loading=\"lazy\" decoding=\"async\" alt=\"reddit\" title=\"Share on Reddit\" class=\"synved-share-image synved-social-image synved-social-image-share\" width=\"48\" height=\"48\" style=\"display: inline;width:48px;height:48px;margin: 0;padding: 0;border: none;box-shadow: none\" src=\"https:\/\/www.anfocal.ie\/wp-content\/plugins\/social-media-feather\/synved-social\/addons\/extra-icons\/image\/social\/circle\/96x96\/reddit.png\" \/><\/a><a class=\"synved-social-button synved-social-button-share synved-social-size-48 synved-social-resolution-single synved-social-provider-pinterest nolightbox\" data-provider=\"pinterest\" target=\"_blank\" rel=\"nofollow\" title=\"Pin it with Pinterest\" href=\"https:\/\/pinterest.com\/pin\/create\/button\/?url=https%3A%2F%2Fwww.anfocal.ie&#038;media=https%3A%2F%2Fwww.anfocal.ie%2Fwp-content%2Fuploads%2F2021%2F10%2Fperson-g1ac674fd0_1920.jpg&#038;description=Student%20Homelessness%20soars%20in%20UL%20in%20first%20semester%20back%20on%20campus\" style=\"font-size: 0px;width:48px;height:48px;margin:0;margin-bottom:5px;margin-right:5px\"><img loading=\"lazy\" decoding=\"async\" alt=\"pinterest\" title=\"Pin it with Pinterest\" class=\"synved-share-image synved-social-image synved-social-image-share\" width=\"48\" height=\"48\" style=\"display: inline;width:48px;height:48px;margin: 0;padding: 0;border: none;box-shadow: none\" src=\"https:\/\/www.anfocal.ie\/wp-content\/plugins\/social-media-feather\/synved-social\/addons\/extra-icons\/image\/social\/circle\/96x96\/pinterest.png\" \/><\/a><a class=\"synved-social-button synved-social-button-share synved-social-size-48 synved-social-resolution-single synved-social-provider-linkedin nolightbox\" data-provider=\"linkedin\" target=\"_blank\" rel=\"nofollow\" title=\"Share on Linkedin\" href=\"https:\/\/www.linkedin.com\/shareArticle?mini=true&#038;url=https%3A%2F%2Fwww.anfocal.ie&#038;title=Student%20Homelessness%20soars%20in%20UL%20in%20first%20semester%20back%20on%20campus\" style=\"font-size: 0px;width:48px;height:48px;margin:0;margin-bottom:5px;margin-right:5px\"><img loading=\"lazy\" decoding=\"async\" alt=\"linkedin\" title=\"Share on Linkedin\" class=\"synved-share-image synved-social-image synved-social-image-share\" width=\"48\" height=\"48\" style=\"display: inline;width:48px;height:48px;margin: 0;padding: 0;border: none;box-shadow: none\" src=\"https:\/\/www.anfocal.ie\/wp-content\/plugins\/social-media-feather\/synved-social\/addons\/extra-icons\/image\/social\/circle\/96x96\/linkedin.png\" \/><\/a><a class=\"synved-social-button synved-social-button-share synved-social-size-48 synved-social-resolution-single synved-social-provider-mail nolightbox\" data-provider=\"mail\" rel=\"nofollow\" title=\"Share by email\" href=\"mailto:?subject=Student%20Homelessness%20soars%20in%20UL%20in%20first%20semester%20back%20on%20campus&#038;body=Hey%20check%20this%20out:%20https%3A%2F%2Fwww.anfocal.ie\" style=\"font-size: 0px;width:48px;height:48px;margin:0;margin-bottom:5px\"><img loading=\"lazy\" decoding=\"async\" alt=\"mail\" title=\"Share by email\" class=\"synved-share-image synved-social-image synved-social-image-share\" width=\"48\" height=\"48\" style=\"display: inline;width:48px;height:48px;margin: 0;padding: 0;border: none;box-shadow: none\" src=\"https:\/\/www.anfocal.ie\/wp-content\/plugins\/social-media-feather\/synved-social\/addons\/extra-icons\/image\/social\/circle\/96x96\/mail.png\" \/><\/a>","protected":false},"excerpt":{"rendered":"<p>The University of Limerick is currently facing an unprecedented student homelessness crisis. &nbsp; Continued unsustainable growth of the student population by the university, without an increase in the number of on campus beds available has led to students commuting hours to lectures, sleeping on floors and paying hundreds per week for a roof over their [&hellip;]<\/p>\n<div class=\"pvc_clear\"><\/div>\n<p id=\"pvc_stats_24154\" class=\"pvc_stats all  \" data-element-id=\"24154\" style=\"\"><i class=\"pvc-stats-icon medium\" aria-hidden=\"true\"><svg aria-hidden=\"true\" focusable=\"false\" data-prefix=\"far\" data-icon=\"chart-bar\" role=\"img\" xmlns=\"http:\/\/www.w3.org\/2000\/svg\" viewBox=\"0 0 512 512\" class=\"svg-inline--fa fa-chart-bar fa-w-16 fa-2x\"><path fill=\"currentColor\" d=\"M396.8 352h22.4c6.4 0 12.8-6.4 12.8-12.8V108.8c0-6.4-6.4-12.8-12.8-12.8h-22.4c-6.4 0-12.8 6.4-12.8 12.8v230.4c0 6.4 6.4 12.8 12.8 12.8zm-192 0h22.4c6.4 0 12.8-6.4 12.8-12.8V140.8c0-6.4-6.4-12.8-12.8-12.8h-22.4c-6.4 0-12.8 6.4-12.8 12.8v198.4c0 6.4 6.4 12.8 12.8 12.8zm96 0h22.4c6.4 0 12.8-6.4 12.8-12.8V204.8c0-6.4-6.4-12.8-12.8-12.8h-22.4c-6.4 0-12.8 6.4-12.8 12.8v134.4c0 6.4 6.4 12.8 12.8 12.8zM496 400H48V80c0-8.84-7.16-16-16-16H16C7.16 64 0 71.16 0 80v336c0 17.67 14.33 32 32 32h464c8.84 0 16-7.16 16-16v-16c0-8.84-7.16-16-16-16zm-387.2-48h22.4c6.4 0 12.8-6.4 12.8-12.8v-70.4c0-6.4-6.4-12.8-12.8-12.8h-22.4c-6.4 0-12.8 6.4-12.8 12.8v70.4c0 6.4 6.4 12.8 12.8 12.8z\" class=\"\"><\/path><\/svg><\/i> <img decoding=\"async\" width=\"16\" height=\"16\" alt=\"Loading\" src=\"https:\/\/www.anfocal.ie\/wp-content\/plugins\/page-views-count\/ajax-loader-2x.gif\" border=0 \/><\/p>\n<div class=\"pvc_clear\"><\/div>\n","protected":false},"author":11547,"featured_media":24155,"comment_status":"closed","ping_status":"closed","sticky":false,"template":"","format":"standard","meta":{"footnotes":""},"categories":[101965,13],"tags":[102434,102435,100946],"class_list":["post-24154","post","type-post","status-publish","format-standard","has-post-thumbnail","hentry","category-features","category-news","tag-front-page","tag-homelessness","tag-news-2"],"a3_pvc":{"activated":true,"total_views":85,"today_views":0},"views":2338,"jetpack_featured_media_url":"https:\/\/www.anfocal.ie\/wp-content\/uploads\/2021\/10\/person-g1ac674fd0_1920.jpg","wps_subtitle":"An Focal's Katie Martin reports on the unprecedented amount of homeless students in UL this academic year","_links":{"self":[{"href":"https:\/\/www.anfocal.ie\/index.php\/wp-json\/wp\/v2\/posts\/24154","targetHints":{"allow":["GET"]}}],"collection":[{"href":"https:\/\/www.anfocal.ie\/index.php\/wp-json\/wp\/v2\/posts"}],"about":[{"href":"https:\/\/www.anfocal.ie\/index.php\/wp-json\/wp\/v2\/types\/post"}],"author":[{"embeddable":true,"href":"https:\/\/www.anfocal.ie\/index.php\/wp-json\/wp\/v2\/users\/11547"}],"replies":[{"embeddable":true,"href":"https:\/\/www.anfocal.ie\/index.php\/wp-json\/wp\/v2\/comments?post=24154"}],"version-history":[{"count":3,"href":"https:\/\/www.anfocal.ie\/index.php\/wp-json\/wp\/v2\/posts\/24154\/revisions"}],"predecessor-version":[{"id":24157,"href":"https:\/\/www.anfocal.ie\/index.php\/wp-json\/wp\/v2\/posts\/24154\/revisions\/24157"}],"wp:featuredmedia":[{"embeddable":true,"href":"https:\/\/www.anfocal.ie\/index.php\/wp-json\/wp\/v2\/media\/24155"}],"wp:attachment":[{"href":"https:\/\/www.anfocal.ie\/index.php\/wp-json\/wp\/v2\/media?parent=24154"}],"wp:term":[{"taxonomy":"category","embeddable":true,"href":"https:\/\/www.anfocal.ie\/index.php\/wp-json\/wp\/v2\/categories?post=24154"},{"taxonomy":"post_tag","embeddable":true,"href":"https:\/\/www.anfocal.ie\/index.php\/wp-json\/wp\/v2\/tags?post=24154"}],"curies":[{"name":"wp","href":"https:\/\/api.w.org\/{rel}","templated":true}]}}